{"id":624,"date":"2008-01-16T08:11:14","date_gmt":"2008-01-16T07:11:14","guid":{"rendered":"http:\/\/www.theglade.com\/toleblog\/?p=624"},"modified":"2008-01-16T11:04:22","modified_gmt":"2008-01-16T10:04:22","slug":"der-spieser-und-seine-schuld","status":"publish","type":"post","link":"https:\/\/www.theglade.com\/toleblog\/?p=624","title":{"rendered":"Der Spie\u00dfer und seine Schuld"},"content":{"rendered":"<p>Nachlesenswert: Der Zeit-Autor Jens Jenssen hat in seinem <a href=\"http:\/\/www.zeit.de\/video\/player?videoID=20080111713707\">Video-Kommentar<\/a> einen Diskussionsbeitrag zum Angriff der ausl\u00e4ndischen Jugendlichen auf den Rentner in der M\u00fcnchner U-Bahn geliefert.<\/p>\n<p>Unter anderem sagt er darin:<\/p>\n<blockquote><p>Man fragt sich doch, ob dieser Rentner, der sich das Rauchen in der M\u00fcnchener U-Bahn verbeten hat und damit den Ausl\u00f6ser gegeben hat zu einer zweifellos nicht entschuldbaren Tat, eben sicher nur in der Kette einer unendlichen Masse von G\u00e4ngelungen, bl\u00f6den Ermahnungen, Anquatschungen zu sehen ist, die der Ausl\u00e4nder, namentlich der jugendliche, hier st\u00e4ndig zu erleiden hat.<\/p><\/blockquote>\n<p>Das nimmt die Bildzeitung zum Anlass, <a href=\"http:\/\/www.bild.t-online.de\/BILD\/news\/vermischtes\/2008\/01\/16\/kultur-chef-zeit\/hohn-auslaender,geo=3490566.html\">gegen ihn zu schie\u00dfen<\/a>. Und &#8222;kritische&#8220; Kommentare zu Jenssens Beitrag sind in gro\u00dfer Zahl eingegangen, wie man <a href=\"http:\/\/www.zeit.de\/online\/2008\/03\/intoleranz-video-leserbeitraege?page=1\">bei der Zeit selbst nachlesen kann<\/a>.<\/p>\n<p>Zur Qualit\u00e4t der Kommentare lasse ich mich an dieser Stelle nicht aus, sie zeugen wieder einmal davon, wie rabiat, besserwisserisch und radikal einzelne Elemente der Gesellschaft gegen Meinungen vorgehen, die nicht dem Mainstream (oder ihrem pers\u00f6nlichen Eindruck davon) entsprechen.<\/p>\n<p>Ich m\u00f6chte jedoch an dieser Stelle auf Jens Jenssens Antwort bei der Zeit verweisen (&#8222;<a href=\"http:\/\/www.zeit.de\/online\/2008\/03\/intoleranz-antwort?page=1\">Erschrocken<\/a>&#8222;), wo er sich zu den Vorw\u00fcrfen aus den Kommentaren \u00e4u\u00dfert.<br \/>\nSowohl den Vorwurf des &#8222;1. Klasse-Fahrers&#8220; als auch den des verkappten Leninisten entkr\u00e4ftet er und h\u00e4lt gleich zu Beginn fest:<\/p>\n<blockquote><p>Keineswegs habe ich, wie mir die meisten unterstellen, die an der M\u00fcnchener Gewalttat beteiligten Ausl\u00e4nder zu rechtfertigen versucht. Die Pointe bestand ja gerade darin, dass es sich um bekannte Intensivt\u00e4ter handelte, die f\u00fcr die Masse der hier lebenden ausl\u00e4ndischen Jugendlichen gerade nicht repr\u00e4sentativ sein k\u00f6nnen: umso fragw\u00fcrdiger, dass an den M\u00fcnchner Vorfall eine Ausl\u00e4nderdebatte gekn\u00fcpft wurde.\n<\/p><\/blockquote>\n<p>Auch wenn ich den Beitrag von Jenssen an vielen Stellen f\u00fcr \u00fcberzeichnet halte &#8211; damit hat er Recht. Denn es ist kaum verwunderlich, dass die Intensivt\u00e4ter auf diese Weise reagiert haben. Die  Frage ist doch: H\u00e4tten alle ausl\u00e4ndischen Jugendlichen so reagiert und den Rentner verpr\u00fcgelt? Hier kann man meines Erachtens nicht &#8222;ja&#8220; sagen, aber es gibt einige in Deutschland, die so tun, als k\u00f6nne und m\u00fcsse man das.<\/p>\n<p>Nat\u00fcrlich sind die T\u00e4ter schuld an der Tat, und nicht der Rentner. Man darf jedoch tats\u00e4chlich nicht unterschlagen, dass die Ursache der Tat der Hinweis des Rentners auf das Rauchverbot war.  Damit hatte er nat\u00fcrlich Recht. Aber Recht haben allein hilft nicht &#8211; schon gar nicht gegen unerschrockene Kriminelle (die ja, wie der Ausdruck kriminell schon zeigt, eben nichts vom Recht halten). <\/p>\n<p>H\u00e4tte er deutsche Jugendliche mit \u00e4hnlichem kriminellen Hintergrund darauf hingewiesen, w\u00e4re der Effekt unter Umst\u00e4nden der gleiche gewesen. Nur, dass dann weder Koch noch die Bildzeitung einen Grund f\u00fcr die Aktionen der letzten Wochen gehabt h\u00e4tten.<\/p>\n<p>Nochmal Jenssen:<\/p>\n<blockquote><p>Und ich beharre allerdings darauf, dass Deutschland ein Spie\u00dfer-Problem hat. Und dass in diesem Land mit unerbetenen und zudringlichen Ermahnungen, Ratschl\u00e4gen, Besserwissereien und scheelen Blicken jeder Ausl\u00e4nder schlechte Erfahrungen macht, auch Briten, Franzosen oder \u00d6sterreicher.<\/p><\/blockquote>\n<p>Ich glaube, er hat damit zumindest nicht v\u00f6llig unrecht. Schlechte Erfahrungen mit Einheimischen machen aber alle Ausl\u00e4ndern \u00fcberall in der Welt&#8230; in manchen L\u00e4ndern werden sie bel\u00e4chelt, in manchen mi\u00dftraut man ihnen, bei uns ermahnt man sie besserwisserisch und in den meisten L\u00e4ndern werden sie einfach nur beschissen. <\/p>\n","protected":false},"excerpt":{"rendered":"<p>Nachlesenswert: Der Zeit-Autor Jens Jenssen hat in seinem Video-Kommentar einen Diskussionsbeitrag zum Angriff der ausl\u00e4ndischen Jugendlichen auf den Rentner in der M\u00fcnchner U-Bahn geliefert. Unter anderem sagt er darin: Man fragt sich doch, ob dieser Rentner, der sich das Rauchen in der M\u00fcnchener U-Bahn verbeten hat und damit den Ausl\u00f6ser gegeben hat zu einer zweifellos <a class=\"more-link\" href=\"https:\/\/www.theglade.com\/toleblog\/?p=624\">weiterlesen&#8230;<\/a><\/p>\n","protected":false},"author":1,"featured_media":0,"comment_status":"open","ping_status":"open","sticky":false,"template":"","format":"standard","meta":{"footnotes":""},"categories":[15,6],"tags":[],"class_list":["post-624","post","type-post","status-publish","format-standard","hentry","category-bildzeitung","category-politik"],"_links":{"self":[{"href":"https:\/\/www.theglade.com\/toleblog\/index.php?rest_route=\/wp\/v2\/posts\/624","targetHints":{"allow":["GET"]}}],"collection":[{"href":"https:\/\/www.theglade.com\/toleblog\/index.php?rest_route=\/wp\/v2\/posts"}],"about":[{"href":"https:\/\/www.theglade.com\/toleblog\/index.php?rest_route=\/wp\/v2\/types\/post"}],"author":[{"embeddable":true,"href":"https:\/\/www.theglade.com\/toleblog\/index.php?rest_route=\/wp\/v2\/users\/1"}],"replies":[{"embeddable":true,"href":"https:\/\/www.theglade.com\/toleblog\/index.php?rest_route=%2Fwp%2Fv2%2Fcomments&post=624"}],"version-history":[{"count":0,"href":"https:\/\/www.theglade.com\/toleblog\/index.php?rest_route=\/wp\/v2\/posts\/624\/revisions"}],"wp:attachment":[{"href":"https:\/\/www.theglade.com\/toleblog\/index.php?rest_route=%2Fwp%2Fv2%2Fmedia&parent=624"}],"wp:term":[{"taxonomy":"category","embeddable":true,"href":"https:\/\/www.theglade.com\/toleblog\/index.php?rest_route=%2Fwp%2Fv2%2Fcategories&post=624"},{"taxonomy":"post_tag","embeddable":true,"href":"https:\/\/www.theglade.com\/toleblog\/index.php?rest_route=%2Fwp%2Fv2%2Ftags&post=624"}],"curies":[{"name":"wp","href":"https:\/\/api.w.org\/{rel}","templated":true}]}}