{"id":622,"date":"2008-01-14T07:45:56","date_gmt":"2008-01-14T06:45:56","guid":{"rendered":"http:\/\/www.theglade.com\/toleblog\/?p=622"},"modified":"2008-01-14T07:46:34","modified_gmt":"2008-01-14T06:46:34","slug":"kopfnoten-fur-alle","status":"publish","type":"post","link":"https:\/\/www.theglade.com\/toleblog\/?p=622","title":{"rendered":"Kopfnoten f\u00fcr alle"},"content":{"rendered":"<blockquote><p>Leistungsbereitschaft, Zuverl\u00e4ssigkeit, Selbstst\u00e4ndigkeit, Verantwortungsbereitschaft, Konfliktverhalten und Kooperationsf\u00e4higkeit<\/p><\/blockquote>\n<p>Das sind die Punkte, in denen Sch\u00fcler in NRW diese Woche zum ersten Mal Noten erhalten, die sogenannten Kopfnoten (&#8222;<a href=\"http:\/\/www.spiegel.de\/schulspiegel\/wissen\/0,1518,528073,00.html\">Kopfnoten sind wie Pickel<\/a>&#8222;). F\u00fcr die umfangreichen Zeugniskonferenzen f\u00e4llt sogar teilweise der Vormittagsunterricht aus. <\/p>\n<p>Ich frage mich, welche Noten wohl die Verantwortlichen in Oberschul\u00e4mtern und Kultusministerium f\u00fcr diese Idee von den Lehrern bekommen w\u00fcrden.<br \/>\nW\u00e4re es nicht sinnvoller, statt der Diskussion <strong>\u00fcber <\/strong>Sozialkompetenz, Konfliktf\u00e4higkeit und ihrer Bewertung in dieser Zeit etwas zur F\u00f6rderung dieser Punkte bei den Sch\u00fclern zu unternehmen? <\/p>\n","protected":false},"excerpt":{"rendered":"<p>Leistungsbereitschaft, Zuverl\u00e4ssigkeit, Selbstst\u00e4ndigkeit, Verantwortungsbereitschaft, Konfliktverhalten und Kooperationsf\u00e4higkeit Das sind die Punkte, in denen Sch\u00fcler in NRW diese Woche zum ersten Mal Noten erhalten, die sogenannten Kopfnoten (&#8222;Kopfnoten sind wie Pickel&#8222;). F\u00fcr die umfangreichen Zeugniskonferenzen f\u00e4llt sogar teilweise der Vormittagsunterricht aus. Ich frage mich, welche Noten wohl die Verantwortlichen in Oberschul\u00e4mtern und Kultusministerium f\u00fcr diese Idee <a class=\"more-link\" href=\"https:\/\/www.theglade.com\/toleblog\/?p=622\">weiterlesen&#8230;<\/a><\/p>\n","protected":false},"author":1,"featured_media":0,"comment_status":"open","ping_status":"open","sticky":false,"template":"","format":"standard","meta":{"footnotes":""},"categories":[6],"tags":[],"class_list":["post-622","post","type-post","status-publish","format-standard","hentry","category-politik"],"_links":{"self":[{"href":"https:\/\/www.theglade.com\/toleblog\/index.php?rest_route=\/wp\/v2\/posts\/622","targetHints":{"allow":["GET"]}}],"collection":[{"href":"https:\/\/www.theglade.com\/toleblog\/index.php?rest_route=\/wp\/v2\/posts"}],"about":[{"href":"https:\/\/www.theglade.com\/toleblog\/index.php?rest_route=\/wp\/v2\/types\/post"}],"author":[{"embeddable":true,"href":"https:\/\/www.theglade.com\/toleblog\/index.php?rest_route=\/wp\/v2\/users\/1"}],"replies":[{"embeddable":true,"href":"https:\/\/www.theglade.com\/toleblog\/index.php?rest_route=%2Fwp%2Fv2%2Fcomments&post=622"}],"version-history":[{"count":0,"href":"https:\/\/www.theglade.com\/toleblog\/index.php?rest_route=\/wp\/v2\/posts\/622\/revisions"}],"wp:attachment":[{"href":"https:\/\/www.theglade.com\/toleblog\/index.php?rest_route=%2Fwp%2Fv2%2Fmedia&parent=622"}],"wp:term":[{"taxonomy":"category","embeddable":true,"href":"https:\/\/www.theglade.com\/toleblog\/index.php?rest_route=%2Fwp%2Fv2%2Fcategories&post=622"},{"taxonomy":"post_tag","embeddable":true,"href":"https:\/\/www.theglade.com\/toleblog\/index.php?rest_route=%2Fwp%2Fv2%2Ftags&post=622"}],"curies":[{"name":"wp","href":"https:\/\/api.w.org\/{rel}","templated":true}]}}