{"id":621,"date":"2008-01-11T13:19:44","date_gmt":"2008-01-11T12:19:44","guid":{"rendered":"http:\/\/www.theglade.com\/toleblog\/?p=621"},"modified":"2008-01-11T13:20:54","modified_gmt":"2008-01-11T12:20:54","slug":"ein-lachendes-und-ein-weinendes-auge","status":"publish","type":"post","link":"https:\/\/www.theglade.com\/toleblog\/?p=621","title":{"rendered":"Ein lachendes und ein weinendes Auge"},"content":{"rendered":"<p>Die Sensation ist perfekt: Der neue Bayern-Trainer wird <strong>J\u00fcrgen Klinsmann<\/strong>!<\/p>\n<p>Die <a href=\"http:\/\/www.bild.t-online.de\/BILD\/sport\/fussball\/bundesliga\/vereine\/bayern\/2008\/01\/11\/klinsi-trainer\/bayern-klinsi,geo=3457518.html\">Bildzeitung <\/a>fragt sich gleich &#8222;geht das gut?&#8220; &#8211; und zurecht. F\u00fcr Bild k\u00f6nnte das n\u00e4mlich auch eher negativ sein, ist doch Klinsi immer jemand gewesen, der von der Bildzeitung wenig hielt und ihr auch nicht die  &#8222;Rechte&#8220; einger\u00e4umt hat, die sie gerne h\u00e4tte.<\/p>\n<p>Witzig finde ich auch, dass sich Bayern ausgerechnet Klinsi geholt hat &#8211; der ein Sturkopf ist und evtl. Dinge eben nicht so macht, wie es die hohen Herren gerne wollen. Noch dazu haben eben jene hohe Herren Klinsi sogar in seiner Zeit als Nationaltrainer ziemlich kritisiert. Zu Unrecht, wie sich sp\u00e4ter herausstellte, und sp\u00e4ter haben das nat\u00fcrlich auch alle nicht so gemeint und sind inzwischen voll des Lobes. So sehr, dass sie ihn jetzt zu ihrem Trainer gemacht haben. Die werden sich unter Umst\u00e4nden noch wundern&#8230;<br \/>\nWie wird dass den \u00fcberhaupt, frage ich mich: Bleibt er in Amerika wohnen und fliegt wieder hin und her? Das w\u00e4re extrem, aber auch extrem cool. Waren nicht Beckenbauer und Hoene\u00df die, die diese Tatsache vor der WM so furchtbar schlecht fanden? <\/p>\n<p>Eine weitere lustige Sache ist, dass mit Klinsi ausgerechnet ein Stuttgarter Bayern-Trainer wird und dass sicher viele Bayern-Fans ihn eigentlich gar nicht so sehr m\u00f6gen.<\/p>\n<p>Dumm finde ich pers\u00f6nlich, dass ich jetzt in einem Dilemma stecke. Eigentlich finde ich Klinsmann super, aber f\u00fcr die Bayern kann ich trotzdem nicht sein&#8230; so ist Fu\u00dfball.<\/p>\n<p>PS: Matze, was sagst du denn dazu? Ha ha ha ha ha!<\/p>\n","protected":false},"excerpt":{"rendered":"<p>Die Sensation ist perfekt: Der neue Bayern-Trainer wird J\u00fcrgen Klinsmann! Die Bildzeitung fragt sich gleich &#8222;geht das gut?&#8220; &#8211; und zurecht. F\u00fcr Bild k\u00f6nnte das n\u00e4mlich auch eher negativ sein, ist doch Klinsi immer jemand gewesen, der von der Bildzeitung wenig hielt und ihr auch nicht die &#8222;Rechte&#8220; einger\u00e4umt hat, die sie gerne h\u00e4tte. Witzig <a class=\"more-link\" href=\"https:\/\/www.theglade.com\/toleblog\/?p=621\">weiterlesen&#8230;<\/a><\/p>\n","protected":false},"author":1,"featured_media":0,"comment_status":"open","ping_status":"open","sticky":false,"template":"","format":"standard","meta":{"footnotes":""},"categories":[15,22],"tags":[],"class_list":["post-621","post","type-post","status-publish","format-standard","hentry","category-bildzeitung","category-sport"],"_links":{"self":[{"href":"https:\/\/www.theglade.com\/toleblog\/index.php?rest_route=\/wp\/v2\/posts\/621","targetHints":{"allow":["GET"]}}],"collection":[{"href":"https:\/\/www.theglade.com\/toleblog\/index.php?rest_route=\/wp\/v2\/posts"}],"about":[{"href":"https:\/\/www.theglade.com\/toleblog\/index.php?rest_route=\/wp\/v2\/types\/post"}],"author":[{"embeddable":true,"href":"https:\/\/www.theglade.com\/toleblog\/index.php?rest_route=\/wp\/v2\/users\/1"}],"replies":[{"embeddable":true,"href":"https:\/\/www.theglade.com\/toleblog\/index.php?rest_route=%2Fwp%2Fv2%2Fcomments&post=621"}],"version-history":[{"count":0,"href":"https:\/\/www.theglade.com\/toleblog\/index.php?rest_route=\/wp\/v2\/posts\/621\/revisions"}],"wp:attachment":[{"href":"https:\/\/www.theglade.com\/toleblog\/index.php?rest_route=%2Fwp%2Fv2%2Fmedia&parent=621"}],"wp:term":[{"taxonomy":"category","embeddable":true,"href":"https:\/\/www.theglade.com\/toleblog\/index.php?rest_route=%2Fwp%2Fv2%2Fcategories&post=621"},{"taxonomy":"post_tag","embeddable":true,"href":"https:\/\/www.theglade.com\/toleblog\/index.php?rest_route=%2Fwp%2Fv2%2Ftags&post=621"}],"curies":[{"name":"wp","href":"https:\/\/api.w.org\/{rel}","templated":true}]}}