{"id":2429,"date":"2021-07-14T18:52:25","date_gmt":"2021-07-14T16:52:25","guid":{"rendered":"https:\/\/www.theglade.com\/toleblog\/?p=2429"},"modified":"2021-07-14T18:52:56","modified_gmt":"2021-07-14T16:52:56","slug":"zum-tod-von-gerhard-haeuser","status":"publish","type":"post","link":"https:\/\/www.theglade.com\/toleblog\/?p=2429","title":{"rendered":"Zum Tod von Gerhard H\u00e4user"},"content":{"rendered":"\n<div class=\"wp-block-image is-style-default\"><figure class=\"alignright size-large is-resized\"><a href=\"https:\/\/www.theglade.com\/toleblog\/wp-content\/uploads\/2021\/07\/2021-07-14-Haeuser-Zeichnung1000-1.png\"><img loading=\"lazy\" decoding=\"async\" src=\"https:\/\/www.theglade.com\/toleblog\/wp-content\/uploads\/2021\/07\/2021-07-14-Haeuser-Zeichnung1000-1-724x1024.png\" alt=\"\" class=\"wp-image-2432\" width=\"319\" height=\"451\" srcset=\"https:\/\/www.theglade.com\/toleblog\/wp-content\/uploads\/2021\/07\/2021-07-14-Haeuser-Zeichnung1000-1-724x1024.png 724w, https:\/\/www.theglade.com\/toleblog\/wp-content\/uploads\/2021\/07\/2021-07-14-Haeuser-Zeichnung1000-1-212x300.png 212w, https:\/\/www.theglade.com\/toleblog\/wp-content\/uploads\/2021\/07\/2021-07-14-Haeuser-Zeichnung1000-1-768x1087.png 768w, https:\/\/www.theglade.com\/toleblog\/wp-content\/uploads\/2021\/07\/2021-07-14-Haeuser-Zeichnung1000-1.png 1000w\" sizes=\"auto, (max-width: 319px) 100vw, 319px\" \/><\/a><\/figure><\/div>\n\n\n\n<p>Als Gerhard H\u00e4user B\u00fcrgermeister wurde, war ich 16 Jahre alt und habe gerade angefangen, mich ehrenamtlich in Schwaikheim zu engagieren. Ich erinnere mich noch daran, wie aufgeschlossen und freundlich er gegen\u00fcber uns Jugendlichen war. Und ich erinnere mich an seine Gewissenhaftigkeit, die mir damals schon auffiel, wenn ich ihn z.B. abends als letzten aus dem Rathaus gehen sah. <br>Als ich sp\u00e4ter \u00fcber 15 Jahre lang an anderen Orten gewohnt und gearbeitet habe, blieb der Kontakt zu ihm durch gelegentliche Mails bestehen. Und auch als Gemeinderat hatte ich ein gutes Verh\u00e4ltnis zu ihm. Regelm\u00e4\u00dfig haben wir in pers\u00f6nlichen Gespr\u00e4chen \u00fcber Schwaikheimer Themen diskutiert und nach Kompromissen gesucht, wenn wir unterschiedliche Ansichten und Vorstellungen hatten.<\/p>\n\n\n\n<p>Ich mochte Gerhard H\u00e4user, auch wenn ich nicht immer mit ihm einer Meinung war. Er war ein B\u00fcrgermeister mit Leib und Seele und hat mir immer wieder gesagt, dass er diesen Beruf sehr gerne macht. Er war pflichtbewusst und zuverl\u00e4ssig und seine Kompetenz wurde auch von seinen Kollegen sehr gesch\u00e4tzt, was nicht zuletzt sein Engagement im Vorstand des Gemeindetags beweist. Er hat in seiner Amtszeit in Schwaikheim Vieles bewegt und f\u00fcr seine Leistungen geb\u00fchrt ihm h\u00f6chster Respekt und Dankbarkeit. <\/p>\n\n\n\n<p>Nat\u00fcrlich hatte er auch Schw\u00e4chen und hat manchmal Fehler gemacht \u2013 so wie jeder andere Mensch auch. Und nicht immer gef\u00e4llt jedem, was der B\u00fcrgermeister sagt und tut \u2013 auch das und die entsprechende Kritik geh\u00f6ren zu einem \u00f6ffentlichen Amt dazu. Die Frage ist nicht ob, sondern wie diese Kritik ge\u00e4u\u00dfert wird.<\/p>\n\n\n\n<p>Was bei allem aber nicht vergessen werden darf:<\/p>\n\n\n\n<p>Gerhard H\u00e4user war nicht nur B\u00fcrgermeister.<br>Er war ein Mensch mit Gef\u00fchlen.<br>Er war ein Sportler, der nun mit anderen nicht mehr joggen oder Fu\u00dfballspielen kann.<br>Er war ein Freund, der mit denen, die er gern hatte, keine gemeinsame Zeit mehr verbringen kann.<br>Er war ein Ehemann, der die Liebe seines Lebens nicht mehr in den Arm nehmen kann.<br>Und er war ein Vater, der das Leben seiner T\u00f6chter nicht mehr begleiten und unterst\u00fctzen kann.<\/p>\n\n\n\n<p>Dass der B\u00fcrgermeister Gerhard H\u00e4user nicht mehr da ist, das ist schlimm. Aber dass der Mensch Gerhard H\u00e4user gestorben ist, das ist eine Trag\u00f6die. Nichts, was man tut oder sagt, kann daran etwas \u00e4ndern, nichts wird ihn je zur\u00fcckbringen. Das tut mir so unendlich leid, weil ich kaum erahnen kann, was das f\u00fcr die Familie und die Freunde bedeutet. Und der Schmerz dar\u00fcber wird nie mehr ganz weggehen. Auch bei mir nicht, obwohl ich keinen engen privaten Kontakt mit ihm hatte.<\/p>\n\n\n\n<p>Sein Tod ist eine Wunde in der Geschichte Schwaikheims und auf gewisse Weise auch eine Wunde im Miteinander am Ort. Ich hoffe nur, es bleibt keine offene Wunde, sondern wird in den kommenden Jahren etwas heilen und dann eine Narbe. Die an das erinnert, was passiert ist. Und nur manchmal noch schmerzt.<br>Jeder in Schwaikheim kann zu diesem Heilungs- und Vernarbungsprozess etwas beitragen.<\/p>\n\n\n\n<p>F\u00fcr mich pers\u00f6nlich wird der Tod von Gerhard H\u00e4user immer eine Mahnung sein, dar\u00fcber nachzudenken, wie ich mit meinen Mitmenschen umgehe, und auf meine Worte und ihre Wirkung zu achten.<br><br>Ich werde ihn niemals vergessen.<\/p>\n","protected":false},"excerpt":{"rendered":"<p>Als Gerhard H\u00e4user B\u00fcrgermeister wurde, war ich 16 Jahre alt und habe gerade angefangen, mich ehrenamtlich in Schwaikheim zu engagieren. Ich erinnere mich noch daran, wie aufgeschlossen und freundlich er gegen\u00fcber uns Jugendlichen war. Und ich erinnere mich an seine Gewissenhaftigkeit, die mir damals schon auffiel, wenn ich ihn z.B. abends als letzten aus dem <a class=\"more-link\" href=\"https:\/\/www.theglade.com\/toleblog\/?p=2429\">weiterlesen&#8230;<\/a><\/p>\n","protected":false},"author":1,"featured_media":0,"comment_status":"open","ping_status":"open","sticky":false,"template":"","format":"standard","meta":{"footnotes":""},"categories":[1],"tags":[],"class_list":["post-2429","post","type-post","status-publish","format-standard","hentry","category-allgemein"],"_links":{"self":[{"href":"https:\/\/www.theglade.com\/toleblog\/index.php?rest_route=\/wp\/v2\/posts\/2429","targetHints":{"allow":["GET"]}}],"collection":[{"href":"https:\/\/www.theglade.com\/toleblog\/index.php?rest_route=\/wp\/v2\/posts"}],"about":[{"href":"https:\/\/www.theglade.com\/toleblog\/index.php?rest_route=\/wp\/v2\/types\/post"}],"author":[{"embeddable":true,"href":"https:\/\/www.theglade.com\/toleblog\/index.php?rest_route=\/wp\/v2\/users\/1"}],"replies":[{"embeddable":true,"href":"https:\/\/www.theglade.com\/toleblog\/index.php?rest_route=%2Fwp%2Fv2%2Fcomments&post=2429"}],"version-history":[{"count":10,"href":"https:\/\/www.theglade.com\/toleblog\/index.php?rest_route=\/wp\/v2\/posts\/2429\/revisions"}],"predecessor-version":[{"id":2446,"href":"https:\/\/www.theglade.com\/toleblog\/index.php?rest_route=\/wp\/v2\/posts\/2429\/revisions\/2446"}],"wp:attachment":[{"href":"https:\/\/www.theglade.com\/toleblog\/index.php?rest_route=%2Fwp%2Fv2%2Fmedia&parent=2429"}],"wp:term":[{"taxonomy":"category","embeddable":true,"href":"https:\/\/www.theglade.com\/toleblog\/index.php?rest_route=%2Fwp%2Fv2%2Fcategories&post=2429"},{"taxonomy":"post_tag","embeddable":true,"href":"https:\/\/www.theglade.com\/toleblog\/index.php?rest_route=%2Fwp%2Fv2%2Ftags&post=2429"}],"curies":[{"name":"wp","href":"https:\/\/api.w.org\/{rel}","templated":true}]}}