{"id":1689,"date":"2014-12-22T16:40:09","date_gmt":"2014-12-22T14:40:09","guid":{"rendered":"http:\/\/www.theglade.com\/toleblog\/?p=1689"},"modified":"2014-12-22T20:09:43","modified_gmt":"2014-12-22T18:09:43","slug":"mondlicht-gegen-weihnachtsstern","status":"publish","type":"post","link":"https:\/\/www.theglade.com\/toleblog\/?p=1689","title":{"rendered":"Mondlicht gegen Weihnachtsstern"},"content":{"rendered":"<p>Man kann es bei der <a href=\"http:\/\/www.faz.net\/aktuell\/politik\/inland\/als-zeichen-gegen-pegida-muslimische-lieder-im-gottesdienst-13336584.html\">FAZ <\/a>oder in s\u00e4mtlichen anderen Medien nachlesen: Der Zentralrat der Muslime schl\u00e4gt laut Bildzeitung angeblich gemeinsam mit Politikern vor, im Weihnachtsgottesdienst ein islamisches Lied zu singen. F\u00fcr den Frieden und die V\u00f6lkerverst\u00e4ndigung. Sogar einen (Nachtrag: im Gegensatz zum Rest offensichtlich halbwegs ernst gemeinten) Vorschlag gibt es:<\/p>\n<blockquote><p>Der Vorsitzende des Zentralrats der Muslime, Aiman Mazyek, machte einen konkreten Vorschlag: \u201eTala\u2018a al-badru alayna\u201c (\u201eHeller Mondschein leuchtet\u201c) des zum Islam konvertierten Cat Stevens, der nun Yussuf Islam hei\u00dft. \u201eDas w\u00e4re ein wunderbares Zeichen des Friedens und der Anteilnahme\u201c, sagte Mazyek.<\/p><\/blockquote>\n<p>Da \u00fcberall von diesem Lied die Rede ist, habe ich danach gegoogelt und dann <a href=\"http:\/\/salafismusinfacebook.blogspot.de\/2013\/11\/benachrichtigung-fur_3784.html\">folgendes gefunden. Die urspr\u00fcngliche Quelle <\/a> ist offensichtlich eine Seite f\u00fcr Salafismus in Facebook. Ich musste ob der Absurdit\u00e4t des Vorschlags von Herrn Mazyek tats\u00e4chlich lachen, als ich das gelesen hab.<\/p>\n<blockquote><p>Liebe Geschwister! Ich m\u00f6chte die heutige Khotba mit einem Nasheed beginnen, der einst in Medina bei der Ankunft unseres geliebten Propheten(s.a.s) gesungen wurde:<\/p>\n<p>Heller Mondschein leuchtet<br \/>\noberhalb auf den Bergen von Wad\u00e4;<br \/>\nlasst uns Allahs G\u00fcte loben,<br \/>\nsp\u00fcren wir doch stets seine N\u00e4he&#8216;!<\/p>\n<p>Bist uns gesandt, dir zu folgen,<br \/>\nWas du gesagt und getan.<br \/>\nEhre f\u00fcr uns und Medina,<br \/>\nSei gegr\u00fc\u00dft, edelster Mann!<\/p>\n<p>Mit diesem Nasheed begr\u00fc\u00dften die Einwohner von Medina die Ankunft unseres Propheten Mohammad (s.a.s). Die Einwohner Median wussten ganz genau das mit der Ankunft ihres Gesandten, das Licht dieser Welt bei ihnen angelangt ist. Von nun an w\u00fcrde alles anders werden.<\/p>\n<p>Es war schlichtweg der Anbeginn einer neuen Zeitrechnung f\u00fcr die Muslime, die nun im Besitz eines Staates und somit im besitzt eines Schutzes waren der sich durch seine Politik auszeichnete die auf der islamischen Aqida und somit auf die Gesetzgebungen Allahs fu\u00dfte. Den trotz der vielen glorreichen Erfolge die die Muslime durch den Islam erlangt haben, ist und bleibt die Hijra der Muslime nach Medina der glorreichste Moment bei den Muslimen.<\/p>\n<p>Denn mit der Hijra nach Medina, wurde die Errichtung eines islamischen Staates eingel\u00e4utet, der auf einen Schlag auf alle Menschen sowohl Muslime als auch Nichtmuslime die Gesetzgebungen Allahs anwandte, und somit einzig und allein nur den Gesetzgebungen Allahs G\u00fcltigkeit schenkte. Daher sind Ereignisse wie die Geburt unseres geliebten Propheten(s.a.s) oder der Sieg \u00fcber die Quraisch in Mekka kein Vergleich zu der glorreichen Hijra der Muslime nach Medina. <\/p>\n<p>[&#8230;]<\/p><\/blockquote>\n<p>Fassen wir nochmal zusammen: In diesem Lied geht es urspr\u00fcnglich darum, dass im Propheten Mohammed der edelste Mann, das Licht der Welt (!) in Medina angekommen ist. Das war der Beginn der Zeitrechnung der Muslime, die Errichtung eines islamischen Staates (!), in dem einzig und allein Allahs Gesetze G\u00fcltigkeit haben.<\/p>\n<p>Das in einem Weihnachtsgottesdienst zu singen, in dem wir feiern, dass Gott in Jesus (!) Mensch (und zwar zum edelsten Mensch) wurde und ER das Licht der Welt ist, ist doch absurd. Bei allem Verst\u00e4ndnis f\u00fcr interkulturellen Dialog und Miteinander der Religionen&#8230; aber theologisch geht das \u00fcberhaupt und ganz und gar nicht. Nicht einmal mit extrem viel gutem Willen.<\/p>\n<p><strong>Nachtrag: <\/strong><br \/>\nAuf <a href=\"http:\/\/www.bildblog.de\/62469\/vom-untergang-des-abendlandes-kann-bild-ein-liedchen-singen\/\">bildblog.de<\/a> kann man die Entstehungsgeschichte dieser Meldung genau verfolgen. <span style=\"text-decoration:line-through;\">Wie das Zitat von Herrn Mazyek damit zusammenh\u00e4ngt, wird darin jedoch nicht erkl\u00e4rt.<\/span> Herr Nouripour schreibt demnach auf seiner Facebook-Seite:<\/p>\n<blockquote><p>Der Vorschlag, wie er da steht, ist von der BILD-Zeitung \u2013 einem Politiker muslimischen Glaubens in den Mund gelegt. Mein Vorschlag war der eines Austauschs. Es w\u00fcrde auch vielen deutschen Moscheen gut zu Gesicht stehen, wenn dort die Weihnachtszeit besinnlich begangen werden w\u00fcrde.\n<\/p><\/blockquote>\n<p>Und hier steckt auch der Hund begraben. Denn der Vorschlag solch eines Austausches kann nur von einem Politiker kommen. Ein Theologe (auch ein islamischer) sieht das sicher ganz anders &#8211; und muss es auch anders sehen. Muslime k\u00f6nnen nicht Jesus als Sohn Gottes besingen. Und umgekehrt Christen nicht Mohammed als das Licht der Welt.<\/p>\n","protected":false},"excerpt":{"rendered":"<p>Man kann es bei der FAZ oder in s\u00e4mtlichen anderen Medien nachlesen: Der Zentralrat der Muslime schl\u00e4gt laut Bildzeitung angeblich gemeinsam mit Politikern vor, im Weihnachtsgottesdienst ein islamisches Lied zu singen. F\u00fcr den Frieden und die V\u00f6lkerverst\u00e4ndigung. Sogar einen (Nachtrag: im Gegensatz zum Rest offensichtlich halbwegs ernst gemeinten) Vorschlag gibt es: Der Vorsitzende des Zentralrats <a class=\"more-link\" href=\"https:\/\/www.theglade.com\/toleblog\/?p=1689\">weiterlesen&#8230;<\/a><\/p>\n","protected":false},"author":1,"featured_media":0,"comment_status":"open","ping_status":"open","sticky":false,"template":"","format":"standard","meta":{"footnotes":""},"categories":[1],"tags":[],"class_list":["post-1689","post","type-post","status-publish","format-standard","hentry","category-allgemein"],"_links":{"self":[{"href":"https:\/\/www.theglade.com\/toleblog\/index.php?rest_route=\/wp\/v2\/posts\/1689","targetHints":{"allow":["GET"]}}],"collection":[{"href":"https:\/\/www.theglade.com\/toleblog\/index.php?rest_route=\/wp\/v2\/posts"}],"about":[{"href":"https:\/\/www.theglade.com\/toleblog\/index.php?rest_route=\/wp\/v2\/types\/post"}],"author":[{"embeddable":true,"href":"https:\/\/www.theglade.com\/toleblog\/index.php?rest_route=\/wp\/v2\/users\/1"}],"replies":[{"embeddable":true,"href":"https:\/\/www.theglade.com\/toleblog\/index.php?rest_route=%2Fwp%2Fv2%2Fcomments&post=1689"}],"version-history":[{"count":0,"href":"https:\/\/www.theglade.com\/toleblog\/index.php?rest_route=\/wp\/v2\/posts\/1689\/revisions"}],"wp:attachment":[{"href":"https:\/\/www.theglade.com\/toleblog\/index.php?rest_route=%2Fwp%2Fv2%2Fmedia&parent=1689"}],"wp:term":[{"taxonomy":"category","embeddable":true,"href":"https:\/\/www.theglade.com\/toleblog\/index.php?rest_route=%2Fwp%2Fv2%2Fcategories&post=1689"},{"taxonomy":"post_tag","embeddable":true,"href":"https:\/\/www.theglade.com\/toleblog\/index.php?rest_route=%2Fwp%2Fv2%2Ftags&post=1689"}],"curies":[{"name":"wp","href":"https:\/\/api.w.org\/{rel}","templated":true}]}}