{"id":1668,"date":"2014-11-24T22:13:12","date_gmt":"2014-11-24T20:13:12","guid":{"rendered":"http:\/\/www.theglade.com\/toleblog\/?p=1668"},"modified":"2014-11-24T22:21:58","modified_gmt":"2014-11-24T20:21:58","slug":"medienkompetenz-chronik-einer-eskalation","status":"publish","type":"post","link":"https:\/\/www.theglade.com\/toleblog\/?p=1668","title":{"rendered":"Medienkompetenz: Chronik einer Eskalation"},"content":{"rendered":"<p>Beim Durchst\u00f6bern meiner Festplatte bin ich auf alte Screenshots aus Zeiten der gro\u00dfen Stuttgart21-Streitereien vor vier Jahren gesto\u00dfen. Eine Diskussion davon, die eigentlich mit dem Thema gar nichts zu tun hat, bringt mich heute noch zum Lachen. Ich poste sie trotz ihrer L\u00e4nge, weil man sehr gut daran sehen kann, wie ein Konflikt sich hochschaukelt weil die Leute aneinander vorbeireden, die Fakten nicht kl\u00e4ren (wollen), zu sehr von sich selbst \u00fcberzeugt sind und im Freund\/Feind-Schema denken. Es handelt sich \u00fcbrigens bei ALLEN Beteiligten im Blick auf Stuttgart 21 um Gleichgesinnte (!).<\/p>\n<p><strong>Das Problem in Kurzform<\/strong>: Person <font color=\"#34d215\"><b>GR\u00dcN<\/b><\/font> postet einen Link zu einer Gruppe. Die Gruppe wird kurze Zeit sp\u00e4ter von Facebook gel\u00f6scht, nun f\u00fchrt der Link folglich ins Leere. Um keine Fehlermeldung zu produzieren, hat Facebook in solchen F\u00e4llen auf das EIGENE Profil umgeleitet. Das bedeutet also, wer auf den Link klickt, sieht sein eigenes Profil. Ganz einfach. Eigentlich. Da der Sachverhalt trotzdem recht verwirrend ist, sorgt er f\u00fcr Fragen und \u00c4rger. Besonders bei Person <font color=\"#ff0000\";><b>ROT<\/b><\/font>.<\/p>\n<p><!--more--><br \/>\n<a href=\"https:\/\/www.theglade.com\/toleblog\/wp-content\/uploads\/2014\/11\/wutbuerger_medienkompetenz_teil1.png\"><img loading=\"lazy\" decoding=\"async\" src=\"https:\/\/www.theglade.com\/toleblog\/wp-content\/uploads\/2014\/11\/wutbuerger_medienkompetenz_teil1.png\" alt=\"wutbuerger_medienkompetenz_teil1\" width=\"512\" height=\"1272\" \/><\/a><\/p>\n<p>Der letzte Kommentar von <font color=\"#ff0000\";><b>ROT<\/b><\/font> bezieht sich auf einen anderen Thread, der von dem bereits anderweitig angenervten <font color=\"#34d215\"><b>GR\u00dcN<\/b><\/font> gepostet wurde. Hier eskaliert die Sache dann leicht.<\/p>\n<p><a href=\"https:\/\/www.theglade.com\/toleblog\/wp-content\/uploads\/2014\/11\/wutbuerger_medienkompetenz_teil2.png\"><img loading=\"lazy\" decoding=\"async\" src=\"https:\/\/www.theglade.com\/toleblog\/wp-content\/uploads\/2014\/11\/wutbuerger_medienkompetenz_teil2.png\" alt=\"wutbuerger_medienkompetenz_teil2\" width=\"736\" height=\"1962\" \/><\/a><\/p>\n<p>Das Ende vom Lied war \u00fcbrigens, dass Person <font color=\"#ff0000\";><b>ROT<\/b><\/font> mit diesem Profil auf Stuttgart21-bezogenen Seiten danach nicht mehr unterwegs war. Sie verwendete ein neues Profil unter Pseudonym. Stil und Inhalt ihrer Diskussionen blieb aber leider gleich&#8230;<\/p>\n<p>PS: Dieser Verlauf hat nichts damit zu tun, dass es sich um Gegner von S21 handelte. Bei vielen Bef\u00fcrwortern w\u00e4re das damals vermutlich genauso eskaliert.<\/p>\n","protected":false},"excerpt":{"rendered":"<p>Beim Durchst\u00f6bern meiner Festplatte bin ich auf alte Screenshots aus Zeiten der gro\u00dfen Stuttgart21-Streitereien vor vier Jahren gesto\u00dfen. Eine Diskussion davon, die eigentlich mit dem Thema gar nichts zu tun hat, bringt mich heute noch zum Lachen. Ich poste sie trotz ihrer L\u00e4nge, weil man sehr gut daran sehen kann, wie ein Konflikt sich hochschaukelt <a class=\"more-link\" href=\"https:\/\/www.theglade.com\/toleblog\/?p=1668\">weiterlesen&#8230;<\/a><\/p>\n","protected":false},"author":1,"featured_media":0,"comment_status":"open","ping_status":"open","sticky":false,"template":"","format":"standard","meta":{"footnotes":""},"categories":[1,9,5,35,34],"tags":[],"class_list":["post-1668","post","type-post","status-publish","format-standard","hentry","category-allgemein","category-internet","category-lustiges","category-social-media","category-stuttgart-21"],"_links":{"self":[{"href":"https:\/\/www.theglade.com\/toleblog\/index.php?rest_route=\/wp\/v2\/posts\/1668","targetHints":{"allow":["GET"]}}],"collection":[{"href":"https:\/\/www.theglade.com\/toleblog\/index.php?rest_route=\/wp\/v2\/posts"}],"about":[{"href":"https:\/\/www.theglade.com\/toleblog\/index.php?rest_route=\/wp\/v2\/types\/post"}],"author":[{"embeddable":true,"href":"https:\/\/www.theglade.com\/toleblog\/index.php?rest_route=\/wp\/v2\/users\/1"}],"replies":[{"embeddable":true,"href":"https:\/\/www.theglade.com\/toleblog\/index.php?rest_route=%2Fwp%2Fv2%2Fcomments&post=1668"}],"version-history":[{"count":0,"href":"https:\/\/www.theglade.com\/toleblog\/index.php?rest_route=\/wp\/v2\/posts\/1668\/revisions"}],"wp:attachment":[{"href":"https:\/\/www.theglade.com\/toleblog\/index.php?rest_route=%2Fwp%2Fv2%2Fmedia&parent=1668"}],"wp:term":[{"taxonomy":"category","embeddable":true,"href":"https:\/\/www.theglade.com\/toleblog\/index.php?rest_route=%2Fwp%2Fv2%2Fcategories&post=1668"},{"taxonomy":"post_tag","embeddable":true,"href":"https:\/\/www.theglade.com\/toleblog\/index.php?rest_route=%2Fwp%2Fv2%2Ftags&post=1668"}],"curies":[{"name":"wp","href":"https:\/\/api.w.org\/{rel}","templated":true}]}}